{"id":2239,"date":"2026-03-11T16:57:13","date_gmt":"2026-03-11T16:57:13","guid":{"rendered":"https:\/\/thelrc.eu\/?p=2239"},"modified":"2026-03-12T09:32:57","modified_gmt":"2026-03-12T09:32:57","slug":"episodio-7-reconstruir-despues-de-la-tormenta-el-apoyo-de-the-light-rebar-company-a-leiria-y-marinha-grande","status":"publish","type":"post","link":"https:\/\/thelrc.eu\/es\/episodio-7-reconstruir-despues-de-la-tormenta-el-apoyo-de-the-light-rebar-company-a-leiria-y-marinha-grande\/","title":{"rendered":"Episodio 7: Reconstruir despu\u00e9s de la tormenta: el apoyo de The Light Rebar Company\u00ae a Leiria y Marinha Grande"},"content":{"rendered":"\t\t<div data-elementor-type=\"wp-post\" data-elementor-id=\"2239\" class=\"elementor elementor-2239 elementor-2184\" data-elementor-post-type=\"post\">\n\t\t\t\t<div class=\"elementor-element elementor-element-29a64e7c e-con-full e-flex e-con e-parent\" data-id=\"29a64e7c\" data-element_type=\"container\" data-e-type=\"container\">\n\t\t<div class=\"elementor-element elementor-element-7220c23 elementor-hidden-mobile e-flex e-con-boxed e-con e-child\" data-id=\"7220c23\" data-element_type=\"container\" data-e-type=\"container\" data-settings=\"{&quot;background_background&quot;:&quot;slideshow&quot;,&quot;background_slideshow_gallery&quot;:[{&quot;id&quot;:2252,&quot;url&quot;:&quot;https:\\\/\\\/thelrc.eu\\\/wp-content\\\/uploads\\\/2026\\\/03\\\/Ep-7_banner_The-Light-Rebar-Company_site_en-1.png&quot;}],&quot;background_slideshow_loop&quot;:&quot;yes&quot;,&quot;background_slideshow_slide_duration&quot;:5000,&quot;background_slideshow_slide_transition&quot;:&quot;fade&quot;,&quot;background_slideshow_transition_duration&quot;:500}\">\n\t\t\t\t\t<div class=\"e-con-inner\">\n\t\t\t\t\t<\/div>\n\t\t\t\t<\/div>\n\t\t\t\t<\/div>\n\t\t<div class=\"elementor-element elementor-element-2e2d5ab e-flex e-con-boxed e-con e-parent\" data-id=\"2e2d5ab\" data-element_type=\"container\" data-e-type=\"container\">\n\t\t\t\t\t<div class=\"e-con-inner\">\n\t\t\t\t<div class=\"elementor-element elementor-element-42cab2a elementor-hidden-desktop elementor-hidden-tablet elementor-widget__width-initial elementor-widget elementor-widget-image\" data-id=\"42cab2a\" data-element_type=\"widget\" data-e-type=\"widget\" data-widget_type=\"image.default\">\n\t\t\t\t\t\t\t\t\t\t\t\t\t\t\t<img fetchpriority=\"high\" decoding=\"async\" width=\"768\" height=\"512\" src=\"https:\/\/thelrc.eu\/wp-content\/uploads\/2026\/03\/Ep-7_banner_The-Light-Rebar-Company_en_-768x512.png\" class=\"attachment-medium_large size-medium_large wp-image-2242\" alt=\"\" srcset=\"https:\/\/thelrc.eu\/wp-content\/uploads\/2026\/03\/Ep-7_banner_The-Light-Rebar-Company_en_-768x512.png 768w, https:\/\/thelrc.eu\/wp-content\/uploads\/2026\/03\/Ep-7_banner_The-Light-Rebar-Company_en_-300x200.png 300w, https:\/\/thelrc.eu\/wp-content\/uploads\/2026\/03\/Ep-7_banner_The-Light-Rebar-Company_en_-1024x683.png 1024w, https:\/\/thelrc.eu\/wp-content\/uploads\/2026\/03\/Ep-7_banner_The-Light-Rebar-Company_en_-1536x1024.png 1536w, https:\/\/thelrc.eu\/wp-content\/uploads\/2026\/03\/Ep-7_banner_The-Light-Rebar-Company_en_-2048x1366.png 2048w\" sizes=\"(max-width: 768px) 100vw, 768px\" \/>\t\t\t\t\t\t\t\t\t\t\t\t\t\t\t<\/div>\n\t\t\t\t\t<\/div>\n\t\t\t\t<\/div>\n\t\t<div class=\"elementor-element elementor-element-31f7a27 e-flex e-con-boxed e-con e-parent\" data-id=\"31f7a27\" data-element_type=\"container\" data-e-type=\"container\">\n\t\t\t\t\t<div class=\"e-con-inner\">\n\t\t\t\t<div class=\"elementor-element elementor-element-ebbb654 elementor-widget elementor-widget-text-editor\" data-id=\"ebbb654\" data-element_type=\"widget\" data-e-type=\"widget\" data-widget_type=\"text-editor.default\">\n\t\t\t\t\t\t\t\t\t<p>Tras la tormenta que azot\u00f3 Leiria y Marinha Grande, La Barra Ligera apoy\u00f3 a las comunidades donando 10 kil\u00f3metros de material para la reconstrucci\u00f3n y alimentos, reforzando su compromiso con la responsabilidad social, la unidad y la reconstrucci\u00f3n sostenible.<\/p>\t\t\t\t\t\t\t\t<\/div>\n\t\t\t\t<div class=\"elementor-element elementor-element-767f4b1 elementor-widget elementor-widget-heading\" data-id=\"767f4b1\" data-element_type=\"widget\" data-e-type=\"widget\" data-widget_type=\"heading.default\">\n\t\t\t\t\t<h2 class=\"elementor-heading-title elementor-size-default\">Episodio 7: Reconstruir despu\u00e9s de la tormenta: el apoyo de The Light Rebar Company\u00ae a Leiria y Marinha Grande<\/h2>\t\t\t\t<\/div>\n\t\t\t\t<div class=\"elementor-element elementor-element-a6154f2 elementor-widget elementor-widget-text-editor\" data-id=\"a6154f2\" data-element_type=\"widget\" data-e-type=\"widget\" data-widget_type=\"text-editor.default\">\n\t\t\t\t\t\t\t\t\t<p data-start=\"222\" data-end=\"513\">La fuerza de los vientos que azotaron Leiria y Marinha Grande dej\u00f3 profundas cicatrices en las comunidades, empresas y familias de la regi\u00f3n. Quedaron casas sin tejado, estructuras destruidas, almacenes devastados y kil\u00f3metros de paisaje transformados en un escenario dif\u00edcil de reconocer. <\/p><p data-start=\"515\" data-end=\"860\">La ausencia de electricidad, los fallos en las comunicaciones y el silencio que sigui\u00f3 a la tormenta hicieron a\u00fan m\u00e1s evidente la magnitud del impacto. En s\u00f3lo unas horas, muchos residentes perdieron bienes acumulados durante toda una vida. Saben que los pr\u00f3ximos a\u00f1os estar\u00e1n llenos de trabajo duro, dedicaci\u00f3n y resiliencia para recuperar lo perdido.  <\/p><p data-start=\"515\" data-end=\"860\"><img decoding=\"async\" class=\"aligncenter wp-image-2220 size-large\" src=\"https:\/\/thelrc.eu\/wp-content\/uploads\/2026\/03\/1-1024x576.png\" alt=\"\" width=\"800\" height=\"450\" srcset=\"https:\/\/thelrc.eu\/wp-content\/uploads\/2026\/03\/1-1024x576.png 1024w, https:\/\/thelrc.eu\/wp-content\/uploads\/2026\/03\/1-300x169.png 300w, https:\/\/thelrc.eu\/wp-content\/uploads\/2026\/03\/1-768x432.png 768w, https:\/\/thelrc.eu\/wp-content\/uploads\/2026\/03\/1-1536x864.png 1536w, https:\/\/thelrc.eu\/wp-content\/uploads\/2026\/03\/1.png 1920w\" sizes=\"(max-width: 800px) 100vw, 800px\" \/><\/p><p data-start=\"862\" data-end=\"934\">Pero en medio de la destrucci\u00f3n, destac\u00f3 algo m\u00e1s grande: la fuerza del pueblo.<\/p><p data-start=\"936\" data-end=\"1145\">Vecinos ayudando a vecinos. Empresarios que comparten recursos. Familias que se apoyan mutuamente. Una comunidad debilitada pero decidida a reconstruirse. Fue esta capacidad de unidad lo que m\u00e1s nos impresion\u00f3.    <\/p><h2 data-start=\"1147\" data-end=\"1191\">Un compromiso que va m\u00e1s all\u00e1 de la construcci\u00f3n<\/h2><p data-start=\"1193\" data-end=\"1390\">En The Light Rebar Company\u00ae, creemos que construir es algo m\u00e1s que levantar estructuras. Es contribuir a crear comunidades m\u00e1s fuertes y sostenibles. Es asumir la responsabilidad cuando se necesita.  <\/p><p data-start=\"1392\" data-end=\"1448\">Ante esta realidad, no pod\u00edamos permanecer indiferentes.<\/p><p data-start=\"1450\" data-end=\"1757\">Light Rebar Company\u00ae don\u00f3 10 kil\u00f3metros de material esencial para la reconstrucci\u00f3n de estructuras, apoyando directamente los esfuerzos de recuperaci\u00f3n de la regi\u00f3n. Este apoyo s\u00f3lo fue posible con la ayuda en el transporte de nuestro socio A.Barreira, Lda, que llev\u00f3 nuestra contribuci\u00f3n a las comunidades. Al mismo tiempo, se entregaron alimentos para ayudar a cubrir las necesidades inmediatas de las poblaciones afectadas.  <\/p><p data-start=\"1450\" data-end=\"1757\"><img decoding=\"async\" class=\"aligncenter wp-image-2229 size-large\" src=\"https:\/\/thelrc.eu\/wp-content\/uploads\/2026\/03\/2-1024x576.png\" alt=\"\" width=\"800\" height=\"450\" srcset=\"https:\/\/thelrc.eu\/wp-content\/uploads\/2026\/03\/2-1024x576.png 1024w, https:\/\/thelrc.eu\/wp-content\/uploads\/2026\/03\/2-300x169.png 300w, https:\/\/thelrc.eu\/wp-content\/uploads\/2026\/03\/2-768x432.png 768w, https:\/\/thelrc.eu\/wp-content\/uploads\/2026\/03\/2-1536x864.png 1536w, https:\/\/thelrc.eu\/wp-content\/uploads\/2026\/03\/2.png 1920w\" sizes=\"(max-width: 800px) 100vw, 800px\" \/><\/p><p data-start=\"1450\" data-end=\"1757\"><img loading=\"lazy\" decoding=\"async\" class=\"wp-image-2226 size-large aligncenter\" src=\"https:\/\/thelrc.eu\/wp-content\/uploads\/2026\/03\/3-1024x576.png\" alt=\"\" width=\"800\" height=\"450\" srcset=\"https:\/\/thelrc.eu\/wp-content\/uploads\/2026\/03\/3-1024x576.png 1024w, https:\/\/thelrc.eu\/wp-content\/uploads\/2026\/03\/3-300x169.png 300w, https:\/\/thelrc.eu\/wp-content\/uploads\/2026\/03\/3-768x432.png 768w, https:\/\/thelrc.eu\/wp-content\/uploads\/2026\/03\/3-1536x864.png 1536w, https:\/\/thelrc.eu\/wp-content\/uploads\/2026\/03\/3.png 1920w\" sizes=\"(max-width: 800px) 100vw, 800px\" \/><\/p><p data-start=\"1759\" data-end=\"2014\">Esta acci\u00f3n representa el compromiso de The Light Rebar Company\u00ae con la responsabilidad social y con las comunidades en las que opera. Porque creemos que la verdadera fuerza de una empresa tambi\u00e9n se mide por su capacidad de actuar en los momentos m\u00e1s dif\u00edciles. <\/p><h2 data-start=\"2016\" data-end=\"2035\">El poder de la unidad<\/h2><p data-start=\"2037\" data-end=\"2283\">Tambi\u00e9n fue inspirador ser testigo de la movilizaci\u00f3n que lleg\u00f3 de todo el pa\u00eds, e incluso del extranjero. Empresas, asociaciones y ciudadanos se unieron en un notable movimiento de solidaridad, demostrando que, en tiempos dif\u00edciles, la colaboraci\u00f3n marca la diferencia. <\/p><p data-start=\"2285\" data-end=\"2534\">Tambi\u00e9n es digna de menci\u00f3n la organizaci\u00f3n ejemplar que se observ\u00f3 en Leiria y Marinha Grande a la hora de coordinar la recepci\u00f3n y distribuci\u00f3n de bienes. La capacidad de movilizaci\u00f3n y el aut\u00e9ntico deseo de apoyar a todos los habitantes revelaron una fuerza colectiva admirable. <\/p><h2 data-start=\"2536\" data-end=\"2562\">Reconstruye m\u00e1s fuerte<\/h2><p data-start=\"2564\" data-end=\"2739\">The Light Rebar Company\u00ae abandon\u00f3 estos lugares consciente de la magnitud de la destrucci\u00f3n, pero tambi\u00e9n profundamente confiada en la capacidad de reconstrucci\u00f3n de sus comunidades.<\/p><p data-start=\"2741\" data-end=\"2802\">La determinaci\u00f3n encontrada es mayor que cualquier tormenta.<\/p><p data-start=\"2741\" data-end=\"2802\"><img loading=\"lazy\" decoding=\"async\" class=\"aligncenter wp-image-2232 size-large\" src=\"https:\/\/thelrc.eu\/wp-content\/uploads\/2026\/03\/4-1-1024x576.png\" alt=\"\" width=\"800\" height=\"450\" srcset=\"https:\/\/thelrc.eu\/wp-content\/uploads\/2026\/03\/4-1-1024x576.png 1024w, https:\/\/thelrc.eu\/wp-content\/uploads\/2026\/03\/4-1-300x169.png 300w, https:\/\/thelrc.eu\/wp-content\/uploads\/2026\/03\/4-1-768x432.png 768w, https:\/\/thelrc.eu\/wp-content\/uploads\/2026\/03\/4-1-1536x864.png 1536w, https:\/\/thelrc.eu\/wp-content\/uploads\/2026\/03\/4-1.png 1920w\" sizes=\"(max-width: 800px) 100vw, 800px\" \/><\/p><p data-start=\"2804\" data-end=\"2996\">Light Rebar Company\u00ae seguir\u00e1 al lado de Leiria y Marinha Grande, ayudando a que la reconstrucci\u00f3n no sea s\u00f3lo estructural, sino tambi\u00e9n un s\u00edmbolo de unidad, resistencia y futuro.<\/p><p>La reconstrucci\u00f3n tambi\u00e9n es una oportunidad para construir de forma m\u00e1s resistente. Soluciones como las barras de refuerzo compuestas, por su durabilidad, resistencia a la corrosi\u00f3n y menor necesidad de mantenimiento, contribuyen de forma importante a que las estructuras est\u00e9n mejor preparadas para el futuro. En The Light Rebar Company\u00ae, creemos que la innovaci\u00f3n y la responsabilidad van de la mano, especialmente cuando el objetivo es proteger a las comunidades.  <\/p><p data-start=\"2998\" data-end=\"3073\">Porque construir tambi\u00e9n es cuidar.<br data-start=\"3031\" data-end=\"3034\">Juntos cambiamos el mundo gesto a gesto.<\/p><p><b>La empresa Light Rebar<\/b><span style=\"color: #474747; font-family: Arial, sans-serif; font-size: 14px;\">\u00ae<\/span><b><br><\/b><b>Cambiando el mundo una barra de refuerzo cada vez. <\/b> <\/p>\t\t\t\t\t\t\t\t<\/div>\n\t\t\t\t\t<\/div>\n\t\t\t\t<\/div>\n\t\t\t\t<\/div>\n\t\t","protected":false},"excerpt":{"rendered":"<p>Tras la tormenta que azot\u00f3 Leiria y Marinha Grande, La Barra Ligera apoy\u00f3 a las comunidades donando 10 kil\u00f3metros de material para la reconstrucci\u00f3n y alimentos, reforzando su compromiso con la responsabilidad social, la unidad y la reconstrucci\u00f3n sostenible.<\/p>\n","protected":false},"author":8,"featured_media":2270,"comment_status":"closed","ping_status":"open","sticky":false,"template":"elementor_header_footer","format":"standard","meta":{"_acf_changed":false,"footnotes":""},"categories":[40],"tags":[],"class_list":["post-2239","post","type-post","status-publish","format-standard","has-post-thumbnail","hentry","category-varilla-compuesta"],"acf":[],"yoast_head":"<!-- This site is optimized with the Yoast SEO plugin v27.3 - https:\/\/yoast.com\/product\/yoast-seo-wordpress\/ -->\n<title>LRC<\/title>\n<meta name=\"robots\" content=\"index, follow, max-snippet:-1, max-image-preview:large, max-video-preview:-1\" \/>\n<link rel=\"canonical\" href=\"https:\/\/thelrc.eu\/es\/episodio-7-reconstruir-despues-de-la-tormenta-el-apoyo-de-the-light-rebar-company-a-leiria-y-marinha-grande\/\" \/>\n<meta property=\"og:locale\" content=\"es_ES\" \/>\n<meta property=\"og:type\" content=\"article\" \/>\n<meta property=\"og:description\" content=\"Tras la tormenta que azot\u00f3 Leiria y Marinha Grande, La Barra Ligera apoy\u00f3 a las comunidades donando 10 kil\u00f3metros de material para la reconstrucci\u00f3n y alimentos, reforzando su compromiso con la responsabilidad social, la unidad y la reconstrucci\u00f3n sostenible.\" \/>\n<meta property=\"og:url\" content=\"https:\/\/thelrc.eu\/es\/episodio-7-reconstruir-despues-de-la-tormenta-el-apoyo-de-the-light-rebar-company-a-leiria-y-marinha-grande\/\" \/>\n<meta property=\"og:site_name\" content=\"LRC\" \/>\n<meta property=\"article:published_time\" content=\"2026-03-11T16:57:13+00:00\" \/>\n<meta property=\"article:modified_time\" content=\"2026-03-12T09:32:57+00:00\" \/>\n<meta property=\"og:image\" content=\"https:\/\/thelrc.eu\/wp-content\/uploads\/2026\/03\/Ep-7_banner_The-Light-Rebar-Company_en_-2-1.png\" \/>\n\t<meta property=\"og:image:width\" content=\"1080\" \/>\n\t<meta property=\"og:image:height\" content=\"1080\" \/>\n\t<meta property=\"og:image:type\" content=\"image\/png\" \/>\n<meta name=\"author\" content=\"Mariana adn\" \/>\n<meta name=\"twitter:card\" content=\"summary_large_image\" \/>\n<meta name=\"twitter:label1\" content=\"Escrito por\" \/>\n\t<meta name=\"twitter:data1\" content=\"Mariana adn\" \/>\n\t<meta name=\"twitter:label2\" content=\"Tiempo de lectura\" \/>\n\t<meta name=\"twitter:data2\" content=\"4 minuto\" \/>\n<script type=\"application\/ld+json\" class=\"yoast-schema-graph\">{\"@context\":\"https:\\\/\\\/schema.org\",\"@graph\":[{\"@type\":\"Article\",\"@id\":\"https:\\\/\\\/thelrc.eu\\\/es\\\/episodio-7-reconstruir-despues-de-la-tormenta-el-apoyo-de-the-light-rebar-company-a-leiria-y-marinha-grande\\\/#article\",\"isPartOf\":{\"@id\":\"https:\\\/\\\/thelrc.eu\\\/es\\\/episodio-7-reconstruir-despues-de-la-tormenta-el-apoyo-de-the-light-rebar-company-a-leiria-y-marinha-grande\\\/\"},\"author\":{\"name\":\"Mariana adn\",\"@id\":\"https:\\\/\\\/thelrc.eu\\\/es\\\/#\\\/schema\\\/person\\\/49b58c3f28fb15bfaef9b003929d9ef4\"},\"headline\":\"Episodio 7: Reconstruir despu\u00e9s de la tormenta: el apoyo de The Light Rebar Company\u00ae a Leiria y Marinha Grande\",\"datePublished\":\"2026-03-11T16:57:13+00:00\",\"dateModified\":\"2026-03-12T09:32:57+00:00\",\"mainEntityOfPage\":{\"@id\":\"https:\\\/\\\/thelrc.eu\\\/es\\\/episodio-7-reconstruir-despues-de-la-tormenta-el-apoyo-de-the-light-rebar-company-a-leiria-y-marinha-grande\\\/\"},\"wordCount\":681,\"publisher\":{\"@id\":\"https:\\\/\\\/thelrc.eu\\\/es\\\/#organization\"},\"image\":{\"@id\":\"https:\\\/\\\/thelrc.eu\\\/es\\\/episodio-7-reconstruir-despues-de-la-tormenta-el-apoyo-de-the-light-rebar-company-a-leiria-y-marinha-grande\\\/#primaryimage\"},\"thumbnailUrl\":\"https:\\\/\\\/thelrc.eu\\\/wp-content\\\/uploads\\\/2026\\\/03\\\/Ep-7_banner_The-Light-Rebar-Company_en_-2-1.png\",\"articleSection\":[\"Varilla compuesta\"],\"inLanguage\":\"es\"},{\"@type\":\"WebPage\",\"@id\":\"https:\\\/\\\/thelrc.eu\\\/es\\\/episodio-7-reconstruir-despues-de-la-tormenta-el-apoyo-de-the-light-rebar-company-a-leiria-y-marinha-grande\\\/\",\"url\":\"https:\\\/\\\/thelrc.eu\\\/es\\\/episodio-7-reconstruir-despues-de-la-tormenta-el-apoyo-de-the-light-rebar-company-a-leiria-y-marinha-grande\\\/\",\"name\":\"\",\"isPartOf\":{\"@id\":\"https:\\\/\\\/thelrc.eu\\\/es\\\/#website\"},\"primaryImageOfPage\":{\"@id\":\"https:\\\/\\\/thelrc.eu\\\/es\\\/episodio-7-reconstruir-despues-de-la-tormenta-el-apoyo-de-the-light-rebar-company-a-leiria-y-marinha-grande\\\/#primaryimage\"},\"image\":{\"@id\":\"https:\\\/\\\/thelrc.eu\\\/es\\\/episodio-7-reconstruir-despues-de-la-tormenta-el-apoyo-de-the-light-rebar-company-a-leiria-y-marinha-grande\\\/#primaryimage\"},\"thumbnailUrl\":\"https:\\\/\\\/thelrc.eu\\\/wp-content\\\/uploads\\\/2026\\\/03\\\/Ep-7_banner_The-Light-Rebar-Company_en_-2-1.png\",\"datePublished\":\"2026-03-11T16:57:13+00:00\",\"dateModified\":\"2026-03-12T09:32:57+00:00\",\"breadcrumb\":{\"@id\":\"https:\\\/\\\/thelrc.eu\\\/es\\\/episodio-7-reconstruir-despues-de-la-tormenta-el-apoyo-de-the-light-rebar-company-a-leiria-y-marinha-grande\\\/#breadcrumb\"},\"inLanguage\":\"es\",\"potentialAction\":[{\"@type\":\"ReadAction\",\"target\":[\"https:\\\/\\\/thelrc.eu\\\/es\\\/episodio-7-reconstruir-despues-de-la-tormenta-el-apoyo-de-the-light-rebar-company-a-leiria-y-marinha-grande\\\/\"]}]},{\"@type\":\"ImageObject\",\"inLanguage\":\"es\",\"@id\":\"https:\\\/\\\/thelrc.eu\\\/es\\\/episodio-7-reconstruir-despues-de-la-tormenta-el-apoyo-de-the-light-rebar-company-a-leiria-y-marinha-grande\\\/#primaryimage\",\"url\":\"https:\\\/\\\/thelrc.eu\\\/wp-content\\\/uploads\\\/2026\\\/03\\\/Ep-7_banner_The-Light-Rebar-Company_en_-2-1.png\",\"contentUrl\":\"https:\\\/\\\/thelrc.eu\\\/wp-content\\\/uploads\\\/2026\\\/03\\\/Ep-7_banner_The-Light-Rebar-Company_en_-2-1.png\",\"width\":1080,\"height\":1080},{\"@type\":\"BreadcrumbList\",\"@id\":\"https:\\\/\\\/thelrc.eu\\\/es\\\/episodio-7-reconstruir-despues-de-la-tormenta-el-apoyo-de-the-light-rebar-company-a-leiria-y-marinha-grande\\\/#breadcrumb\",\"itemListElement\":[{\"@type\":\"ListItem\",\"position\":1,\"name\":\"Home\",\"item\":\"https:\\\/\\\/thelrc.eu\\\/es\\\/\"},{\"@type\":\"ListItem\",\"position\":2,\"name\":\"Episodio 7: Reconstruir despu\u00e9s de la tormenta: el apoyo de The Light Rebar Company\u00ae a Leiria y Marinha Grande\"}]},{\"@type\":\"WebSite\",\"@id\":\"https:\\\/\\\/thelrc.eu\\\/es\\\/#website\",\"url\":\"https:\\\/\\\/thelrc.eu\\\/es\\\/\",\"name\":\"The Light Rebar Company\",\"description\":\"The Light Rebar Company\",\"publisher\":{\"@id\":\"https:\\\/\\\/thelrc.eu\\\/es\\\/#organization\"},\"potentialAction\":[{\"@type\":\"SearchAction\",\"target\":{\"@type\":\"EntryPoint\",\"urlTemplate\":\"https:\\\/\\\/thelrc.eu\\\/es\\\/?s={search_term_string}\"},\"query-input\":{\"@type\":\"PropertyValueSpecification\",\"valueRequired\":true,\"valueName\":\"search_term_string\"}}],\"inLanguage\":\"es\"},{\"@type\":\"Organization\",\"@id\":\"https:\\\/\\\/thelrc.eu\\\/es\\\/#organization\",\"name\":\"The Light Rebar Company\",\"url\":\"https:\\\/\\\/thelrc.eu\\\/es\\\/\",\"logo\":{\"@type\":\"ImageObject\",\"inLanguage\":\"es\",\"@id\":\"https:\\\/\\\/thelrc.eu\\\/es\\\/#\\\/schema\\\/logo\\\/image\\\/\",\"url\":\"https:\\\/\\\/thelrc.eu\\\/wp-content\\\/uploads\\\/2025\\\/07\\\/LRC-The-Light-Rebar-Company.png\",\"contentUrl\":\"https:\\\/\\\/thelrc.eu\\\/wp-content\\\/uploads\\\/2025\\\/07\\\/LRC-The-Light-Rebar-Company.png\",\"width\":604,\"height\":604,\"caption\":\"The Light Rebar Company\"},\"image\":{\"@id\":\"https:\\\/\\\/thelrc.eu\\\/es\\\/#\\\/schema\\\/logo\\\/image\\\/\"},\"sameAs\":[\"https:\\\/\\\/www.linkedin.com\\\/company\\\/the-light-rebar-company?originalSubdomain=pt\"]},{\"@type\":\"Person\",\"@id\":\"https:\\\/\\\/thelrc.eu\\\/es\\\/#\\\/schema\\\/person\\\/49b58c3f28fb15bfaef9b003929d9ef4\",\"name\":\"Mariana adn\",\"image\":{\"@type\":\"ImageObject\",\"inLanguage\":\"es\",\"@id\":\"https:\\\/\\\/secure.gravatar.com\\\/avatar\\\/56cf16476ac9c3af36760268c2fd30c7dc821353e9c64fdda77a225be5f954b0?s=96&d=mm&r=g\",\"url\":\"https:\\\/\\\/secure.gravatar.com\\\/avatar\\\/56cf16476ac9c3af36760268c2fd30c7dc821353e9c64fdda77a225be5f954b0?s=96&d=mm&r=g\",\"contentUrl\":\"https:\\\/\\\/secure.gravatar.com\\\/avatar\\\/56cf16476ac9c3af36760268c2fd30c7dc821353e9c64fdda77a225be5f954b0?s=96&d=mm&r=g\",\"caption\":\"Mariana adn\"},\"url\":\"https:\\\/\\\/thelrc.eu\\\/es\\\/author\\\/mariana-adn\\\/\"}]}<\/script>\n<!-- \/ Yoast SEO plugin. -->","yoast_head_json":{"title":"LRC","robots":{"index":"index","follow":"follow","max-snippet":"max-snippet:-1","max-image-preview":"max-image-preview:large","max-video-preview":"max-video-preview:-1"},"canonical":"https:\/\/thelrc.eu\/es\/episodio-7-reconstruir-despues-de-la-tormenta-el-apoyo-de-the-light-rebar-company-a-leiria-y-marinha-grande\/","og_locale":"es_ES","og_type":"article","og_description":"Tras la tormenta que azot\u00f3 Leiria y Marinha Grande, La Barra Ligera apoy\u00f3 a las comunidades donando 10 kil\u00f3metros de material para la reconstrucci\u00f3n y alimentos, reforzando su compromiso con la responsabilidad social, la unidad y la reconstrucci\u00f3n sostenible.","og_url":"https:\/\/thelrc.eu\/es\/episodio-7-reconstruir-despues-de-la-tormenta-el-apoyo-de-the-light-rebar-company-a-leiria-y-marinha-grande\/","og_site_name":"LRC","article_published_time":"2026-03-11T16:57:13+00:00","article_modified_time":"2026-03-12T09:32:57+00:00","og_image":[{"width":1080,"height":1080,"url":"https:\/\/thelrc.eu\/wp-content\/uploads\/2026\/03\/Ep-7_banner_The-Light-Rebar-Company_en_-2-1.png","type":"image\/png"}],"author":"Mariana adn","twitter_card":"summary_large_image","twitter_misc":{"Escrito por":"Mariana adn","Tiempo de lectura":"4 minuto"},"schema":{"@context":"https:\/\/schema.org","@graph":[{"@type":"Article","@id":"https:\/\/thelrc.eu\/es\/episodio-7-reconstruir-despues-de-la-tormenta-el-apoyo-de-the-light-rebar-company-a-leiria-y-marinha-grande\/#article","isPartOf":{"@id":"https:\/\/thelrc.eu\/es\/episodio-7-reconstruir-despues-de-la-tormenta-el-apoyo-de-the-light-rebar-company-a-leiria-y-marinha-grande\/"},"author":{"name":"Mariana adn","@id":"https:\/\/thelrc.eu\/es\/#\/schema\/person\/49b58c3f28fb15bfaef9b003929d9ef4"},"headline":"Episodio 7: Reconstruir despu\u00e9s de la tormenta: el apoyo de The Light Rebar Company\u00ae a Leiria y Marinha Grande","datePublished":"2026-03-11T16:57:13+00:00","dateModified":"2026-03-12T09:32:57+00:00","mainEntityOfPage":{"@id":"https:\/\/thelrc.eu\/es\/episodio-7-reconstruir-despues-de-la-tormenta-el-apoyo-de-the-light-rebar-company-a-leiria-y-marinha-grande\/"},"wordCount":681,"publisher":{"@id":"https:\/\/thelrc.eu\/es\/#organization"},"image":{"@id":"https:\/\/thelrc.eu\/es\/episodio-7-reconstruir-despues-de-la-tormenta-el-apoyo-de-the-light-rebar-company-a-leiria-y-marinha-grande\/#primaryimage"},"thumbnailUrl":"https:\/\/thelrc.eu\/wp-content\/uploads\/2026\/03\/Ep-7_banner_The-Light-Rebar-Company_en_-2-1.png","articleSection":["Varilla compuesta"],"inLanguage":"es"},{"@type":"WebPage","@id":"https:\/\/thelrc.eu\/es\/episodio-7-reconstruir-despues-de-la-tormenta-el-apoyo-de-the-light-rebar-company-a-leiria-y-marinha-grande\/","url":"https:\/\/thelrc.eu\/es\/episodio-7-reconstruir-despues-de-la-tormenta-el-apoyo-de-the-light-rebar-company-a-leiria-y-marinha-grande\/","name":"","isPartOf":{"@id":"https:\/\/thelrc.eu\/es\/#website"},"primaryImageOfPage":{"@id":"https:\/\/thelrc.eu\/es\/episodio-7-reconstruir-despues-de-la-tormenta-el-apoyo-de-the-light-rebar-company-a-leiria-y-marinha-grande\/#primaryimage"},"image":{"@id":"https:\/\/thelrc.eu\/es\/episodio-7-reconstruir-despues-de-la-tormenta-el-apoyo-de-the-light-rebar-company-a-leiria-y-marinha-grande\/#primaryimage"},"thumbnailUrl":"https:\/\/thelrc.eu\/wp-content\/uploads\/2026\/03\/Ep-7_banner_The-Light-Rebar-Company_en_-2-1.png","datePublished":"2026-03-11T16:57:13+00:00","dateModified":"2026-03-12T09:32:57+00:00","breadcrumb":{"@id":"https:\/\/thelrc.eu\/es\/episodio-7-reconstruir-despues-de-la-tormenta-el-apoyo-de-the-light-rebar-company-a-leiria-y-marinha-grande\/#breadcrumb"},"inLanguage":"es","potentialAction":[{"@type":"ReadAction","target":["https:\/\/thelrc.eu\/es\/episodio-7-reconstruir-despues-de-la-tormenta-el-apoyo-de-the-light-rebar-company-a-leiria-y-marinha-grande\/"]}]},{"@type":"ImageObject","inLanguage":"es","@id":"https:\/\/thelrc.eu\/es\/episodio-7-reconstruir-despues-de-la-tormenta-el-apoyo-de-the-light-rebar-company-a-leiria-y-marinha-grande\/#primaryimage","url":"https:\/\/thelrc.eu\/wp-content\/uploads\/2026\/03\/Ep-7_banner_The-Light-Rebar-Company_en_-2-1.png","contentUrl":"https:\/\/thelrc.eu\/wp-content\/uploads\/2026\/03\/Ep-7_banner_The-Light-Rebar-Company_en_-2-1.png","width":1080,"height":1080},{"@type":"BreadcrumbList","@id":"https:\/\/thelrc.eu\/es\/episodio-7-reconstruir-despues-de-la-tormenta-el-apoyo-de-the-light-rebar-company-a-leiria-y-marinha-grande\/#breadcrumb","itemListElement":[{"@type":"ListItem","position":1,"name":"Home","item":"https:\/\/thelrc.eu\/es\/"},{"@type":"ListItem","position":2,"name":"Episodio 7: Reconstruir despu\u00e9s de la tormenta: el apoyo de The Light Rebar Company\u00ae a Leiria y Marinha Grande"}]},{"@type":"WebSite","@id":"https:\/\/thelrc.eu\/es\/#website","url":"https:\/\/thelrc.eu\/es\/","name":"The Light Rebar Company","description":"The Light Rebar Company","publisher":{"@id":"https:\/\/thelrc.eu\/es\/#organization"},"potentialAction":[{"@type":"SearchAction","target":{"@type":"EntryPoint","urlTemplate":"https:\/\/thelrc.eu\/es\/?s={search_term_string}"},"query-input":{"@type":"PropertyValueSpecification","valueRequired":true,"valueName":"search_term_string"}}],"inLanguage":"es"},{"@type":"Organization","@id":"https:\/\/thelrc.eu\/es\/#organization","name":"The Light Rebar Company","url":"https:\/\/thelrc.eu\/es\/","logo":{"@type":"ImageObject","inLanguage":"es","@id":"https:\/\/thelrc.eu\/es\/#\/schema\/logo\/image\/","url":"https:\/\/thelrc.eu\/wp-content\/uploads\/2025\/07\/LRC-The-Light-Rebar-Company.png","contentUrl":"https:\/\/thelrc.eu\/wp-content\/uploads\/2025\/07\/LRC-The-Light-Rebar-Company.png","width":604,"height":604,"caption":"The Light Rebar Company"},"image":{"@id":"https:\/\/thelrc.eu\/es\/#\/schema\/logo\/image\/"},"sameAs":["https:\/\/www.linkedin.com\/company\/the-light-rebar-company?originalSubdomain=pt"]},{"@type":"Person","@id":"https:\/\/thelrc.eu\/es\/#\/schema\/person\/49b58c3f28fb15bfaef9b003929d9ef4","name":"Mariana adn","image":{"@type":"ImageObject","inLanguage":"es","@id":"https:\/\/secure.gravatar.com\/avatar\/56cf16476ac9c3af36760268c2fd30c7dc821353e9c64fdda77a225be5f954b0?s=96&d=mm&r=g","url":"https:\/\/secure.gravatar.com\/avatar\/56cf16476ac9c3af36760268c2fd30c7dc821353e9c64fdda77a225be5f954b0?s=96&d=mm&r=g","contentUrl":"https:\/\/secure.gravatar.com\/avatar\/56cf16476ac9c3af36760268c2fd30c7dc821353e9c64fdda77a225be5f954b0?s=96&d=mm&r=g","caption":"Mariana adn"},"url":"https:\/\/thelrc.eu\/es\/author\/mariana-adn\/"}]}},"_links":{"self":[{"href":"https:\/\/thelrc.eu\/es\/wp-json\/wp\/v2\/posts\/2239","targetHints":{"allow":["GET"]}}],"collection":[{"href":"https:\/\/thelrc.eu\/es\/wp-json\/wp\/v2\/posts"}],"about":[{"href":"https:\/\/thelrc.eu\/es\/wp-json\/wp\/v2\/types\/post"}],"author":[{"embeddable":true,"href":"https:\/\/thelrc.eu\/es\/wp-json\/wp\/v2\/users\/8"}],"replies":[{"embeddable":true,"href":"https:\/\/thelrc.eu\/es\/wp-json\/wp\/v2\/comments?post=2239"}],"version-history":[{"count":5,"href":"https:\/\/thelrc.eu\/es\/wp-json\/wp\/v2\/posts\/2239\/revisions"}],"predecessor-version":[{"id":2292,"href":"https:\/\/thelrc.eu\/es\/wp-json\/wp\/v2\/posts\/2239\/revisions\/2292"}],"wp:featuredmedia":[{"embeddable":true,"href":"https:\/\/thelrc.eu\/es\/wp-json\/wp\/v2\/media\/2270"}],"wp:attachment":[{"href":"https:\/\/thelrc.eu\/es\/wp-json\/wp\/v2\/media?parent=2239"}],"wp:term":[{"taxonomy":"category","embeddable":true,"href":"https:\/\/thelrc.eu\/es\/wp-json\/wp\/v2\/categories?post=2239"},{"taxonomy":"post_tag","embeddable":true,"href":"https:\/\/thelrc.eu\/es\/wp-json\/wp\/v2\/tags?post=2239"}],"curies":[{"name":"wp","href":"https:\/\/api.w.org\/{rel}","templated":true}]}}